{"id":4948,"date":"2018-10-18T09:32:23","date_gmt":"2018-10-18T09:32:23","guid":{"rendered":"http:\/\/www.irudinet.com\/ztb\/\/urriak-15-discapacidad-innovacion-e-inclusion-un-trinomio-sin-barreras-edurne-alvarez-de-mon\/"},"modified":"2018-10-24T09:33:45","modified_gmt":"2018-10-24T09:33:45","slug":"urriak-15-discapacidad-innovacion-e-inclusion-un-trinomio-sin-barreras-edurne-alvarez-de-mon","status":"publish","type":"post","link":"http:\/\/ztbergara.eus\/es\/urriak-15-discapacidad-innovacion-e-inclusion-un-trinomio-sin-barreras-edurne-alvarez-de-mon\/","title":{"rendered":"Urriak 15 -Discapacidad, innovaci\u00f3n e inclusi\u00f3n, un trinomio sin barreras &#8211; Edurne Alvarez de Mon"},"content":{"rendered":"<p>[vc_row][vc_column width=&#8221;1\/4&#8243;][vc_single_image image=&#8221;4945&#8243; img_size=&#8221;large&#8221;][\/vc_column][vc_column width=&#8221;3\/4&#8243;][vc_column_text]<strong>Hitzaldia:\u00a0<\/strong> Edurne Alvarez de Mon.<\/p>\n<ul style=\"font-weight: 400;\">\n<li>Madrideko ONCE Fundazioaren aholkulari lanetan ari den Edurne Alvarezek, Irizar Jauregian eskainitako hitzaldia oso interesgarria, hurbila eta aldi berean, disposizio ona eta inklusio aukera positiboko mezuak luzatuz.<\/li>\n<li>Edurne Alvarez, colaboradora de la Fundaci\u00f3n ONCE en Madrid ofreci\u00f3 una charla muy interesante, cercana y con mensajes que transmit\u00edan al mismo tiempo, buena disposici\u00f3n y oportunidades de inclusi\u00f3n\u00a0 positivas.<\/li>\n<\/ul>\n<p>[\/vc_column_text][\/vc_column][\/vc_row]<\/p>\n","protected":false},"excerpt":{"rendered":"<p>[vc_row][vc_column width=&#8221;1\/4&#8243;][vc_single_image image=&#8221;4945&#8243; img_size=&#8221;large&#8221;][\/vc_column][vc_column width=&#8221;3\/4&#8243;][vc_column_text]Hitzaldia:\u00a0 Edurne Alvarez de Mon. Madrideko ONCE Fundazioaren aholkulari lanetan ari den Edurne Alvarezek, Irizar Jauregian eskainitako hitzaldia oso interesgarria, hurbila eta aldi berean, disposizio ona eta inklusio aukera positiboko mezuak luzatuz. Edurne Alvarez, colaboradora de la Fundaci\u00f3n ONCE en Madrid ofreci\u00f3 una charla muy interesante, cercana y con mensajes que<a class=\"article-read-more\" href=\"http:\/\/ztbergara.eus\/es\/urriak-15-discapacidad-innovacion-e-inclusion-un-trinomio-sin-barreras-edurne-alvarez-de-mon\/\"><i class=\"flownewsicon fa-angle-double-right\"><\/i><\/a><\/p>\n","protected":false},"author":1,"featured_media":4946,"comment_status":"closed","ping_status":"closed","sticky":false,"template":"","format":"standard","meta":[],"categories":[450],"tags":[],"aioseo_notices":[],"_links":{"self":[{"href":"http:\/\/ztbergara.eus\/es\/wp-json\/wp\/v2\/posts\/4948"}],"collection":[{"href":"http:\/\/ztbergara.eus\/es\/wp-json\/wp\/v2\/posts"}],"about":[{"href":"http:\/\/ztbergara.eus\/es\/wp-json\/wp\/v2\/types\/post"}],"author":[{"embeddable":true,"href":"http:\/\/ztbergara.eus\/es\/wp-json\/wp\/v2\/users\/1"}],"replies":[{"embeddable":true,"href":"http:\/\/ztbergara.eus\/es\/wp-json\/wp\/v2\/comments?post=4948"}],"version-history":[{"count":1,"href":"http:\/\/ztbergara.eus\/es\/wp-json\/wp\/v2\/posts\/4948\/revisions"}],"predecessor-version":[{"id":4949,"href":"http:\/\/ztbergara.eus\/es\/wp-json\/wp\/v2\/posts\/4948\/revisions\/4949"}],"wp:featuredmedia":[{"embeddable":true,"href":"http:\/\/ztbergara.eus\/es\/wp-json\/wp\/v2\/media\/4946"}],"wp:attachment":[{"href":"http:\/\/ztbergara.eus\/es\/wp-json\/wp\/v2\/media?parent=4948"}],"wp:term":[{"taxonomy":"category","embeddable":true,"href":"http:\/\/ztbergara.eus\/es\/wp-json\/wp\/v2\/categories?post=4948"},{"taxonomy":"post_tag","embeddable":true,"href":"http:\/\/ztbergara.eus\/es\/wp-json\/wp\/v2\/tags?post=4948"}],"curies":[{"name":"wp","href":"https:\/\/api.w.org\/{rel}","templated":true}]}}