{"id":5073,"date":"2018-11-12T15:26:39","date_gmt":"2018-11-12T15:26:39","guid":{"rendered":"http:\/\/www.irudinet.com\/ztb\/\/zientzia-teknologia-eta-berrikuntza-jardunaldiak-inoiz-baino-arrakastatsuago\/"},"modified":"2019-11-05T10:41:30","modified_gmt":"2019-11-05T10:41:30","slug":"las-jornadas-de-ciencia-tecnologia-e-innovacion-mas-exitosas-que-nunca","status":"publish","type":"post","link":"http:\/\/ztbergara.eus\/es\/las-jornadas-de-ciencia-tecnologia-e-innovacion-mas-exitosas-que-nunca\/","title":{"rendered":"Las Jornadas de Ciencia, Tecnolog\u00eda e Innovaci\u00f3n, m\u00e1s exitosas que nunca"},"content":{"rendered":"<p>[vc_row][vc_column width=&#8221;1\/4&#8243;][vc_single_image image=&#8221;4911&#8243; img_size=&#8221;large&#8221;][\/vc_column][vc_column width=&#8221;3\/4&#8243;][vc_column_text]Las <strong>jornadas de Ciencia, Tecnolog\u00eda e Innovaci\u00f3n<\/strong> de este a\u00f1o han seguido la trayectoria de las del a\u00f1o anterior y con un mayor \u00e9xito. Esta iniciativa ha unido a m\u00e1s compa\u00f1eros\/as de viaje, atrayendo a muchos ponentes, participantes y p\u00fablico tambi\u00e9n de fuera del Alto Deba. As\u00ed, han estado a nuestro lado instituciones y agentes que son aut\u00e9nticos referentes en ciencia e innovaci\u00f3n tanto a nivel del Pa\u00eds Vasco como a nivel del Estado Espa\u00f1ol. Todo un trabajo en com\u00fan que ha dado resultados muy significativos. Todos los participantes, tanto locales como for\u00e1neos, han respondido de un modo admirable.<\/p>\n<p>Adem\u00e1s, dentro de las jornadas de esta edici\u00f3n, Bergara ha sido reconocida como <em>\u201cBergara Historic Site\u201d<\/em>, uno de los m\u00e1s importantes galardones que acreditan a la villa como lugar de ciencia, por haber tenido lugar aqu\u00ed el descubrimiento y aislamiento del wolframio; distinci\u00f3n que ha sido posible gracias a la colaboraci\u00f3n del centro de referencia <em>Donostia International Physics Center<\/em>. Bergara, pues, demuestra que sigue mimando a la ciencia y d\u00e1ndole el valor que merece.<\/p>\n<p>Esta edici\u00f3n de las jornadas, con inicio el 15 de octubre y fin el 12 de noviembre, ha contado con m\u00e1s eventos que nunca. Doce charlas, concursos, representaciones teatrales, mercado, exposici\u00f3n y la sesi\u00f3n de mon\u00f3logos <em>Wolfram Deuna<\/em> que ya se han convertido en habituales, junto con el <em>Wolfram Encounter,<\/em> entre otros. Adem\u00e1s, la oferta educativa tambi\u00e9n ha sido amplia: taller de nanotecnolog\u00eda, exposici\u00f3n de artefactos mec\u00e1nicos, o la pieza invitada, por ejemplo.<\/p>\n<p>En la oferta educativa este a\u00f1o se ha realizado una fuerte apuesta, multiplicando las actividades y modificando las fechas para facilitar la participaci\u00f3n del alumnado, con muy buen resultado. Y en cuando al resto de actos, la participaci\u00f3n tambi\u00e9n ha sido mayor que la del a\u00f1o pasado.<\/p>\n<p>Respecto a las novedades, adem\u00e1s de la apuesta por la educaci\u00f3n, en esta edici\u00f3n se ha organizado por primera vez el concurso <em>&#8220;Emakume zientzialaririk ezagutzen?\u201d<\/em> (\u00bfConoces a mujeres cient\u00edficas?), con el fin de dar a conocer tambi\u00e9n el papel de la mujer; en \u00e9l han participado 31 alumnos y alumnas de 6\u00ba grado de Primaria, con la presentaci\u00f3n de 16 trabajos.<\/p>\n<p>Adem\u00e1s de las personas ponentes de diversas disciplinas que tambi\u00e9n este a\u00f1o han acudido desde fuera, no podemos olvidar el trabajo realizado\u00a0 expresamente por personas bergaresas para estas jornadas difundiendo as\u00ed su sabidur\u00eda y conocimiento. A ellas tambi\u00e9n nuestro agradecimiento m\u00e1s sincero.<\/p>\n<p>Por otro lado, podemos decir que el <em>Wolfram Encounter<\/em> est\u00e1 ya institucionalizado. En la edici\u00f3n de este a\u00f1o, con una participaci\u00f3n de aproximadamente 100 personas, se han pasado m\u00e1s actividades del s\u00e1bado al domingo, una tendencia que se proyecta seguir tambi\u00e9n en el 2019.<\/p>\n<p>De cara a la pr\u00f3xima edici\u00f3n, 2019, que ser\u00e1 el A\u00f1o de la Tabla Peri\u00f3dica, esta ser\u00e1 el punto de partida de las jornadas.[\/vc_column_text][\/vc_column][\/vc_row]<\/p>\n","protected":false},"excerpt":{"rendered":"<p>[vc_row][vc_column width=&#8221;1\/4&#8243;][vc_single_image image=&#8221;4911&#8243; img_size=&#8221;large&#8221;][\/vc_column][vc_column width=&#8221;3\/4&#8243;][vc_column_text]Las jornadas de Ciencia, Tecnolog\u00eda e Innovaci\u00f3n de este a\u00f1o han seguido la trayectoria de las del a\u00f1o anterior y con un mayor \u00e9xito. Esta iniciativa ha unido a m\u00e1s compa\u00f1eros\/as de viaje, atrayendo a muchos ponentes, participantes y p\u00fablico tambi\u00e9n de fuera del Alto Deba. As\u00ed, han estado a nuestro<a class=\"article-read-more\" href=\"http:\/\/ztbergara.eus\/es\/las-jornadas-de-ciencia-tecnologia-e-innovacion-mas-exitosas-que-nunca\/\"><i class=\"flownewsicon fa-angle-double-right\"><\/i><\/a><\/p>\n","protected":false},"author":1,"featured_media":5074,"comment_status":"closed","ping_status":"closed","sticky":false,"template":"","format":"standard","meta":[],"categories":[450],"tags":[],"aioseo_notices":[],"_links":{"self":[{"href":"http:\/\/ztbergara.eus\/es\/wp-json\/wp\/v2\/posts\/5073"}],"collection":[{"href":"http:\/\/ztbergara.eus\/es\/wp-json\/wp\/v2\/posts"}],"about":[{"href":"http:\/\/ztbergara.eus\/es\/wp-json\/wp\/v2\/types\/post"}],"author":[{"embeddable":true,"href":"http:\/\/ztbergara.eus\/es\/wp-json\/wp\/v2\/users\/1"}],"replies":[{"embeddable":true,"href":"http:\/\/ztbergara.eus\/es\/wp-json\/wp\/v2\/comments?post=5073"}],"version-history":[{"count":3,"href":"http:\/\/ztbergara.eus\/es\/wp-json\/wp\/v2\/posts\/5073\/revisions"}],"predecessor-version":[{"id":5153,"href":"http:\/\/ztbergara.eus\/es\/wp-json\/wp\/v2\/posts\/5073\/revisions\/5153"}],"wp:featuredmedia":[{"embeddable":true,"href":"http:\/\/ztbergara.eus\/es\/wp-json\/wp\/v2\/media\/5074"}],"wp:attachment":[{"href":"http:\/\/ztbergara.eus\/es\/wp-json\/wp\/v2\/media?parent=5073"}],"wp:term":[{"taxonomy":"category","embeddable":true,"href":"http:\/\/ztbergara.eus\/es\/wp-json\/wp\/v2\/categories?post=5073"},{"taxonomy":"post_tag","embeddable":true,"href":"http:\/\/ztbergara.eus\/es\/wp-json\/wp\/v2\/tags?post=5073"}],"curies":[{"name":"wp","href":"https:\/\/api.w.org\/{rel}","templated":true}]}}