{"id":5286,"date":"2019-10-21T15:51:26","date_gmt":"2019-10-21T15:51:26","guid":{"rendered":"http:\/\/www.irudinet.com\/ztb\/\/ilustrazio-botanikoa-bergaran-artea-eta-zientzia-uztartuz-iv-edizioa\/"},"modified":"2022-05-09T15:44:48","modified_gmt":"2022-05-09T15:44:48","slug":"ilustracion-botanica-uniendo-arte-y-ciencia-en-bergara-iv-edicion","status":"publish","type":"post","link":"http:\/\/ztbergara.eus\/es\/ilustracion-botanica-uniendo-arte-y-ciencia-en-bergara-iv-edicion\/","title":{"rendered":"Ilustraci\u00f3n bot\u00e1nica, Uniendo Arte y Ciencia en Bergara, IV edici\u00f3n"},"content":{"rendered":"<p>[vc_row][vc_column width=&#8221;1\/3&#8243;][vc_message]<strong>D\u00edas: <\/strong>9 y 10 de Noviembre<\/p>\n<p><strong>Horario:\u00a0 \u00a0 <\/strong>9 de noviembre, de 10:00 a 14:00 y de 16:00 a 20:00<\/p>\n<p>10 de noviembre, de 10:00 a 14:00<\/p>\n<p><strong>Lugar: <\/strong>Museo Laboratorium<\/p>\n<p><strong>Inscripci\u00f3n<\/strong>: <a href=\"mailto:laboratorium@bergara.eus\">laboratorium@bergara.eus<\/a> \u2013 943 76 90 03<\/p>\n<p><strong>Idioma<\/strong>: Euskara &#8211; Castellano[\/vc_message][\/vc_column][vc_column width=&#8221;2\/3&#8243;][vc_column_text]<\/p>\n<h2><strong>Ilustraci\u00f3n bot\u00e1nica<\/strong><\/h2>\n<p><strong>Uniendo Arte y Ciencia en Bergara, IV edici\u00f3n<\/strong><\/p>\n<p>El museo Laboratorium presenta la IV edici\u00f3n del taller de ilustraci\u00f3n bot\u00e1nica &#8216;Uniendo Arte y\u00a0Ciencia en Bergara&#8217;. Como en anteriores ediciones, tendremos a Carles\u00a0Puche (estudipuche.com) y Vega Asensio (norarte.es) como docentes. En\u00a0este taller de fin de semana dispondremos de 12 horas para observar las\u00a0plantas de otra manera, esto es, desde una perspectiva cient\u00edfica. Vali\u00e9ndonos de las t\u00e9cnicas de las Bellas Artes,\u00a0trabajaremos los conceptos b\u00e1sicos de la ilustraci\u00f3n cient\u00edfica en un\u00a0ambiente y lugar excepcional. Si te gusta dibujar y retratar la\u00a0naturaleza te encantara este curso. \u00a1Ac\u00e9rcate a la ilustraci\u00f3n cient\u00edfica!<\/p>\n<p><a href=\"https:\/\/www.laboratorium.eus\/eu\/eskaera-orria\/ilustrazio-zientifikoa\">Izen ematea HEMEN&gt;&gt;<\/a>[\/vc_column_text][vc_single_image image=&#8221;5272&#8243; img_size=&#8221;large&#8221;][\/vc_column][\/vc_row]<\/p>\n","protected":false},"excerpt":{"rendered":"<p>[vc_row][vc_column width=&#8221;1\/3&#8243;][vc_message]D\u00edas: 9 y 10 de Noviembre Horario:\u00a0 \u00a0 9 de noviembre, de 10:00 a 14:00 y de 16:00 a 20:00 10 de noviembre, de 10:00 a 14:00 Lugar: Museo Laboratorium Inscripci\u00f3n: laboratorium@bergara.eus \u2013 943 76 90 03 Idioma: Euskara &#8211; Castellano[\/vc_message][\/vc_column][vc_column width=&#8221;2\/3&#8243;][vc_column_text] Ilustraci\u00f3n bot\u00e1nica Uniendo Arte y Ciencia en Bergara, IV edici\u00f3n El museo<a class=\"article-read-more\" href=\"http:\/\/ztbergara.eus\/es\/ilustracion-botanica-uniendo-arte-y-ciencia-en-bergara-iv-edicion\/\"><i class=\"flownewsicon fa-angle-double-right\"><\/i><\/a><\/p>\n","protected":false},"author":1,"featured_media":5272,"comment_status":"closed","ping_status":"closed","sticky":false,"template":"","format":"standard","meta":[],"categories":[391],"tags":[],"aioseo_notices":[],"_links":{"self":[{"href":"http:\/\/ztbergara.eus\/es\/wp-json\/wp\/v2\/posts\/5286"}],"collection":[{"href":"http:\/\/ztbergara.eus\/es\/wp-json\/wp\/v2\/posts"}],"about":[{"href":"http:\/\/ztbergara.eus\/es\/wp-json\/wp\/v2\/types\/post"}],"author":[{"embeddable":true,"href":"http:\/\/ztbergara.eus\/es\/wp-json\/wp\/v2\/users\/1"}],"replies":[{"embeddable":true,"href":"http:\/\/ztbergara.eus\/es\/wp-json\/wp\/v2\/comments?post=5286"}],"version-history":[{"count":2,"href":"http:\/\/ztbergara.eus\/es\/wp-json\/wp\/v2\/posts\/5286\/revisions"}],"predecessor-version":[{"id":5288,"href":"http:\/\/ztbergara.eus\/es\/wp-json\/wp\/v2\/posts\/5286\/revisions\/5288"}],"wp:featuredmedia":[{"embeddable":true,"href":"http:\/\/ztbergara.eus\/es\/wp-json\/wp\/v2\/media\/5272"}],"wp:attachment":[{"href":"http:\/\/ztbergara.eus\/es\/wp-json\/wp\/v2\/media?parent=5286"}],"wp:term":[{"taxonomy":"category","embeddable":true,"href":"http:\/\/ztbergara.eus\/es\/wp-json\/wp\/v2\/categories?post=5286"},{"taxonomy":"post_tag","embeddable":true,"href":"http:\/\/ztbergara.eus\/es\/wp-json\/wp\/v2\/tags?post=5286"}],"curies":[{"name":"wp","href":"https:\/\/api.w.org\/{rel}","templated":true}]}}