{"id":5295,"date":"2019-10-21T15:32:51","date_gmt":"2019-10-21T15:32:51","guid":{"rendered":"http:\/\/www.irudinet.com\/ztb\/\/plastikoak-eta-mikroplastikoak-itsasoan\/"},"modified":"2022-05-09T15:45:08","modified_gmt":"2022-05-09T15:45:08","slug":"plasticos-y-microplasticos-en-el-mar","status":"publish","type":"post","link":"http:\/\/ztbergara.eus\/es\/plasticos-y-microplasticos-en-el-mar\/","title":{"rendered":"Pl\u00e1sticos y micropl\u00e1sticos en el mar"},"content":{"rendered":"<p>[vc_row][vc_column width=&#8221;1\/3&#8243;][vc_message]<strong>FECHA: <\/strong>7 de Noviembre<\/p>\n<p><strong>HORA: <\/strong>19:00<\/p>\n<p><strong>LUGAR: <\/strong>Palacio de Irizar<\/p>\n<p><strong>P\u00daBLICO: <\/strong>General<\/p>\n<p><strong>IDIOMA:<\/strong> Castellano[\/vc_message][\/vc_column][vc_column width=&#8221;2\/3&#8243;][vc_column_text]<\/p>\n<h2>Pl\u00e1sticos y micropl\u00e1sticos en el mar<\/h2>\n<p>En los \u00faltimos a\u00f1os ha ido creciendo la preocupaci\u00f3n por la acumulaci\u00f3n en los oc\u00e9anos de cantidades importantes de residuos pl\u00e1sticos, sobre todo en forma de los llamados micropl\u00e1sticos, fragmentos con tama\u00f1os entre la micra y unas decenas de mil\u00edmetros, producto del deterioro ambiental de los diversos tipos de pl\u00e1sticos que usamos en el d\u00eda a d\u00eda.<\/p>\n<p>La charla har\u00e1 un repaso de la producci\u00f3n mundial de estos nuevos materiales desde su irrupci\u00f3n tras la Segunda Guerra Mundial, las estrategias de gesti\u00f3n de sus residuos, las fuentes y v\u00edas por los que acaban en el mar, as\u00ed como de los posibles efectos perjudiciales en la vida marina y, a trav\u00e9s de la cadena alimentaria, en nosotros mismos.<\/p>\n<p><strong><img loading=\"lazy\" class=\"size-full wp-image-5261 alignleft\" src=\"http:\/\/www.irudinet.com\/ztb\/\/wp-content\/uploads\/2019\/10\/yanko.jpg\" alt=\"\" width=\"134\" height=\"124\" \/><\/strong><\/p>\n<p><strong>PONENTE: <\/strong>Juan Jose Iruin (Yanko) (San Sebasti\u00e1n, 1952) es licenciado en Ciencias Qu\u00edmicas por la Universidad de Zaragoza (1974) y doctor en Ciencias Qu\u00edmicas por la UPV\/EHU (1979). Desde 1991 hasta su jubilaci\u00f3n en setiembre de 2016, ha sido catedr\u00e1tico de Qu\u00edmica F\u00edsica en la Facultad de Qu\u00edmica del campus guipuzcoano de la UPV\/EHU.<\/p>\n<p>Ha dirigido diecinueve tesis doctorales y publicado 132 art\u00edculos SCI, todos ellos relacionados con la Ciencia y Aplicaciones de los Pol\u00edmeros (pl\u00e1sticos). Es tambi\u00e9n autor de dos libros sobre id\u00e9ntica tem\u00e1tica.<\/p>\n<p>Es miembro de la <em>American Chemical Society (ACS)<\/em> y de la Real Sociedad Espa\u00f1ola de Qu\u00edmica (RSEQ). Ha sido cofundador y subdirector del Instituto de Materiales Polim\u00e9ricos (POLYMAT) (1999-2013), presidente del Grupo Especializado de Pol\u00edmeros de la Real Sociedad Espa\u00f1ola de Qu\u00edmica (RSEQ) (1992-1996), miembro de la Comisi\u00f3n de Investigaci\u00f3n de la UPV\/EHU (1999-2002) y miembro del Patronato de INASMET (hoy TECNALIA) (2006-2011).<\/p>\n<p>En los \u00faltimos quince a\u00f1os ha desarrollado, en paralelo a su vida acad\u00e9mica, una serie de actividades como divulgador cient\u00edfico, impartiendo conferencias en universidades, instituciones, cursos de verano, asociaciones culturales o de empresarios, etc. Publica desde 2006 <a href=\"http:\/\/elblogdebuhogris.blogspot.com.es\/\"><em>El Blog del B\u00faho<\/em><\/a>, sobre divulgaci\u00f3n de la Qu\u00edmica y ha colaborado con <a href=\"http:\/\/naukas.com\/\"><em>Naukas<\/em><\/a>.<\/p>\n<p><strong>\u00a0<\/strong>[\/vc_column_text][\/vc_column][\/vc_row]<\/p>\n","protected":false},"excerpt":{"rendered":"<p>[vc_row][vc_column width=&#8221;1\/3&#8243;][vc_message]FECHA: 7 de Noviembre HORA: 19:00 LUGAR: Palacio de Irizar P\u00daBLICO: General IDIOMA: Castellano[\/vc_message][\/vc_column][vc_column width=&#8221;2\/3&#8243;][vc_column_text] Pl\u00e1sticos y micropl\u00e1sticos en el mar En los \u00faltimos a\u00f1os ha ido creciendo la preocupaci\u00f3n por la acumulaci\u00f3n en los oc\u00e9anos de cantidades importantes de residuos pl\u00e1sticos, sobre todo en forma de los llamados micropl\u00e1sticos, fragmentos con tama\u00f1os entre<a class=\"article-read-more\" href=\"http:\/\/ztbergara.eus\/es\/plasticos-y-microplasticos-en-el-mar\/\"><i class=\"flownewsicon fa-angle-double-right\"><\/i><\/a><\/p>\n","protected":false},"author":1,"featured_media":5262,"comment_status":"closed","ping_status":"closed","sticky":false,"template":"","format":"standard","meta":[],"categories":[387],"tags":[],"aioseo_notices":[],"_links":{"self":[{"href":"http:\/\/ztbergara.eus\/es\/wp-json\/wp\/v2\/posts\/5295"}],"collection":[{"href":"http:\/\/ztbergara.eus\/es\/wp-json\/wp\/v2\/posts"}],"about":[{"href":"http:\/\/ztbergara.eus\/es\/wp-json\/wp\/v2\/types\/post"}],"author":[{"embeddable":true,"href":"http:\/\/ztbergara.eus\/es\/wp-json\/wp\/v2\/users\/1"}],"replies":[{"embeddable":true,"href":"http:\/\/ztbergara.eus\/es\/wp-json\/wp\/v2\/comments?post=5295"}],"version-history":[{"count":2,"href":"http:\/\/ztbergara.eus\/es\/wp-json\/wp\/v2\/posts\/5295\/revisions"}],"predecessor-version":[{"id":5297,"href":"http:\/\/ztbergara.eus\/es\/wp-json\/wp\/v2\/posts\/5295\/revisions\/5297"}],"wp:featuredmedia":[{"embeddable":true,"href":"http:\/\/ztbergara.eus\/es\/wp-json\/wp\/v2\/media\/5262"}],"wp:attachment":[{"href":"http:\/\/ztbergara.eus\/es\/wp-json\/wp\/v2\/media?parent=5295"}],"wp:term":[{"taxonomy":"category","embeddable":true,"href":"http:\/\/ztbergara.eus\/es\/wp-json\/wp\/v2\/categories?post=5295"},{"taxonomy":"post_tag","embeddable":true,"href":"http:\/\/ztbergara.eus\/es\/wp-json\/wp\/v2\/tags?post=5295"}],"curies":[{"name":"wp","href":"https:\/\/api.w.org\/{rel}","templated":true}]}}