{"id":5298,"date":"2019-10-21T14:33:00","date_gmt":"2019-10-21T14:33:00","guid":{"rendered":"http:\/\/www.irudinet.com\/ztb\/\/ekonomia-zirkularrari-buruzko-jardunaldia\/"},"modified":"2022-05-09T15:45:13","modified_gmt":"2022-05-09T15:45:13","slug":"jornada-economia-circular","status":"publish","type":"post","link":"http:\/\/ztbergara.eus\/es\/jornada-economia-circular\/","title":{"rendered":"Jornada econom\u00eda circular"},"content":{"rendered":"<p>[vc_row][vc_column width=&#8221;1\/3&#8243;][vc_message]<strong>D\u00eda:<\/strong> 8 de noviembre<\/p>\n<p><strong>Hora:<\/strong> 9:00 \u2013 13:00<\/p>\n<p><strong>Lugar:<\/strong> Palacio de Irizar<\/p>\n<p><strong>Idioma:<\/strong> Castellano[\/vc_message][\/vc_column][vc_column width=&#8221;2\/3&#8243;][vc_column_text]<\/p>\n<h2><strong>Jornada econom\u00eda circular<\/strong> \u2013 Uned Bergara \/ <strong>IMPACT HUB DONOSTI<\/strong><\/h2>\n<p>La jornada que se presenta tiene como objetivo que las personas asistentes adquieran unos conocimientos b\u00e1sicos sobre Econom\u00eda Circular. Para ello, la actividad se dividir\u00e1 en tres bloques principales: una introducci\u00f3n, una presentaci\u00f3n de c\u00f3mo est\u00e1n realizando su transici\u00f3n a la Econom\u00eda Circular dos o tres empresas vascas, y una mesa redonda con las empresas que han sido presentadas como casos de buenas pr\u00e1cticas.<\/p>\n<p>&nbsp;<\/p>\n<p><strong><img loading=\"lazy\" class=\"size-full wp-image-5376 alignleft\" src=\"http:\/\/www.irudinet.com\/ztb\/\/wp-content\/uploads\/2019\/10\/Aitor-San-Francisco-Argazkia.png\" alt=\"\" width=\"200\" height=\"200\" srcset=\"http:\/\/ztbergara.eus\/wp-content\/uploads\/2019\/10\/Aitor-San-Francisco-Argazkia.png 200w, http:\/\/ztbergara.eus\/wp-content\/uploads\/2019\/10\/Aitor-San-Francisco-Argazkia-150x150.png 150w, http:\/\/ztbergara.eus\/wp-content\/uploads\/2019\/10\/Aitor-San-Francisco-Argazkia-65x65.png 65w, http:\/\/ztbergara.eus\/wp-content\/uploads\/2019\/10\/Aitor-San-Francisco-Argazkia-70x70.png 70w\" sizes=\"(max-width: 200px) 100vw, 200px\" \/>PONENTE: <\/strong>Aitor San Francisco Lasa es ingeniero industrial y doctorando en Econom\u00eda Circular, ambas formaciones desarrolladas en la Universidad del Pa\u00eds Vasco (EHU\/UPV).[\/vc_column_text][\/vc_column][\/vc_row]<\/p>\n","protected":false},"excerpt":{"rendered":"<p>[vc_row][vc_column width=&#8221;1\/3&#8243;][vc_message]D\u00eda: 8 de noviembre Hora: 9:00 \u2013 13:00 Lugar: Palacio de Irizar Idioma: Castellano[\/vc_message][\/vc_column][vc_column width=&#8221;2\/3&#8243;][vc_column_text] Jornada econom\u00eda circular \u2013 Uned Bergara \/ IMPACT HUB DONOSTI La jornada que se presenta tiene como objetivo que las personas asistentes adquieran unos conocimientos b\u00e1sicos sobre Econom\u00eda Circular. Para ello, la actividad se dividir\u00e1 en tres bloques principales:<a class=\"article-read-more\" href=\"http:\/\/ztbergara.eus\/es\/jornada-economia-circular\/\"><i class=\"flownewsicon fa-angle-double-right\"><\/i><\/a><\/p>\n","protected":false},"author":1,"featured_media":5258,"comment_status":"closed","ping_status":"closed","sticky":false,"template":"","format":"standard","meta":[],"categories":[391],"tags":[],"aioseo_notices":[],"_links":{"self":[{"href":"http:\/\/ztbergara.eus\/es\/wp-json\/wp\/v2\/posts\/5298"}],"collection":[{"href":"http:\/\/ztbergara.eus\/es\/wp-json\/wp\/v2\/posts"}],"about":[{"href":"http:\/\/ztbergara.eus\/es\/wp-json\/wp\/v2\/types\/post"}],"author":[{"embeddable":true,"href":"http:\/\/ztbergara.eus\/es\/wp-json\/wp\/v2\/users\/1"}],"replies":[{"embeddable":true,"href":"http:\/\/ztbergara.eus\/es\/wp-json\/wp\/v2\/comments?post=5298"}],"version-history":[{"count":3,"href":"http:\/\/ztbergara.eus\/es\/wp-json\/wp\/v2\/posts\/5298\/revisions"}],"predecessor-version":[{"id":5377,"href":"http:\/\/ztbergara.eus\/es\/wp-json\/wp\/v2\/posts\/5298\/revisions\/5377"}],"wp:featuredmedia":[{"embeddable":true,"href":"http:\/\/ztbergara.eus\/es\/wp-json\/wp\/v2\/media\/5258"}],"wp:attachment":[{"href":"http:\/\/ztbergara.eus\/es\/wp-json\/wp\/v2\/media?parent=5298"}],"wp:term":[{"taxonomy":"category","embeddable":true,"href":"http:\/\/ztbergara.eus\/es\/wp-json\/wp\/v2\/categories?post=5298"},{"taxonomy":"post_tag","embeddable":true,"href":"http:\/\/ztbergara.eus\/es\/wp-json\/wp\/v2\/tags?post=5298"}],"curies":[{"name":"wp","href":"https:\/\/api.w.org\/{rel}","templated":true}]}}