{"id":5651,"date":"2020-10-20T13:02:41","date_gmt":"2020-10-20T13:02:41","guid":{"rendered":"http:\/\/www.irudinet.com\/ztb\/\/conoce-que-se-puede-hacer-con-el-co2-en-lugar-de-echarlo-a-la-atmosfera\/"},"modified":"2020-10-20T15:09:00","modified_gmt":"2020-10-20T15:09:00","slug":"conoce-que-se-puede-hacer-con-el-co2-en-lugar-de-echarlo-a-la-atmosfera","status":"publish","type":"post","link":"http:\/\/ztbergara.eus\/es\/conoce-que-se-puede-hacer-con-el-co2-en-lugar-de-echarlo-a-la-atmosfera\/","title":{"rendered":"Conoce qu\u00e9 se puede hacer con el CO2 en lugar de echarlo a la atm\u00f3sfera"},"content":{"rendered":"<p>[vc_row][vc_column width=&#8221;1\/4&#8243;][vc_message]<\/p>\n<ul>\n<li>FECHA: Azaroak 4<\/li>\n<li>HORA: 10:00-11:30<\/li>\n<li>LUGAR: Seminarixoa (Bergara)<\/li>\n<li>PONENTE: Susana P\u00e9rez Gil<\/li>\n<li>IDIOMA: Gaztelera<\/li>\n<\/ul>\n<p>[\/vc_message][\/vc_column][vc_column width=&#8221;3\/4&#8243;][vc_column_text]El CO<sub>2<\/sub> es un gas que se genera tanto de forma natural como artificial y es un gran responsable del calentamiento global del planeta. En esta charla se explicar\u00e1 c\u00f3mo se genera, cu\u00e1l es su problem\u00e1tica, porqu\u00e9 produce el calentamiento global, qu\u00e9 se puede hacer para disminuir su concentraci\u00f3n y, como ejemplo pr\u00e1ctico, se explicar\u00e1 el proyecto LOWCO2 sobre transformaci\u00f3n de CO<sub>2<\/sub> en Euskadi.<\/p>\n<p>PONENTE:\u00a0<strong>Susana P\u00e9rez Gil<\/strong><\/p>\n<p><img loading=\"lazy\" class=\"size-full wp-image-5615 alignleft\" src=\"http:\/\/www.irudinet.com\/ztb\/\/wp-content\/uploads\/2020\/10\/susana-perez-ztb.jpg\" alt=\"\" width=\"190\" height=\"243\" \/><\/p>\n<p>Licenciada en Ciencias Qu\u00edmicas en 1996 y Doctorada en Ciencias Qu\u00edmicas en 2020 por la Universidad del Pa\u00eds Vasco. En 2009 realiza el Master en Ingenier\u00eda de Procesos Qu\u00edmicos y Desarrollo Sostenible de la Universidad del Pa\u00eds Vasco. Trabaja en Fundaci\u00f3n Inasmet-TECNALIA desde 1999 donde ha basado su actividad en el de desarrollo de tecnolog\u00edas para el tratamiento de residuos s\u00f3lidos y para la s\u00edntesis qu\u00edmica en medio gaseoso, participando en numerosos proyectos tanto nacionales como europeos. Actualmente trabaja en la Unidad de Energ\u00eda de TECNALIA, especializ\u00e1ndose en el campo de microreactores aplicados a s\u00edntesis qu\u00edmica y a la valorizaci\u00f3n de CO<sub>2<\/sub>.[\/vc_column_text][\/vc_column][\/vc_row]<\/p>\n","protected":false},"excerpt":{"rendered":"<p>[vc_row][vc_column width=&#8221;1\/4&#8243;][vc_message] FECHA: Azaroak 4 HORA: 10:00-11:30 LUGAR: Seminarixoa (Bergara) PONENTE: Susana P\u00e9rez Gil IDIOMA: Gaztelera [\/vc_message][\/vc_column][vc_column width=&#8221;3\/4&#8243;][vc_column_text]El CO2 es un gas que se genera tanto de forma natural como artificial y es un gran responsable del calentamiento global del planeta. En esta charla se explicar\u00e1 c\u00f3mo se genera, cu\u00e1l es su problem\u00e1tica, porqu\u00e9 produce<a class=\"article-read-more\" href=\"http:\/\/ztbergara.eus\/es\/conoce-que-se-puede-hacer-con-el-co2-en-lugar-de-echarlo-a-la-atmosfera\/\"><i class=\"flownewsicon fa-angle-double-right\"><\/i><\/a><\/p>\n","protected":false},"author":1,"featured_media":5616,"comment_status":"closed","ping_status":"closed","sticky":false,"template":"","format":"standard","meta":[],"categories":[400],"tags":[],"aioseo_notices":[],"_links":{"self":[{"href":"http:\/\/ztbergara.eus\/es\/wp-json\/wp\/v2\/posts\/5651"}],"collection":[{"href":"http:\/\/ztbergara.eus\/es\/wp-json\/wp\/v2\/posts"}],"about":[{"href":"http:\/\/ztbergara.eus\/es\/wp-json\/wp\/v2\/types\/post"}],"author":[{"embeddable":true,"href":"http:\/\/ztbergara.eus\/es\/wp-json\/wp\/v2\/users\/1"}],"replies":[{"embeddable":true,"href":"http:\/\/ztbergara.eus\/es\/wp-json\/wp\/v2\/comments?post=5651"}],"version-history":[{"count":3,"href":"http:\/\/ztbergara.eus\/es\/wp-json\/wp\/v2\/posts\/5651\/revisions"}],"predecessor-version":[{"id":5654,"href":"http:\/\/ztbergara.eus\/es\/wp-json\/wp\/v2\/posts\/5651\/revisions\/5654"}],"wp:featuredmedia":[{"embeddable":true,"href":"http:\/\/ztbergara.eus\/es\/wp-json\/wp\/v2\/media\/5616"}],"wp:attachment":[{"href":"http:\/\/ztbergara.eus\/es\/wp-json\/wp\/v2\/media?parent=5651"}],"wp:term":[{"taxonomy":"category","embeddable":true,"href":"http:\/\/ztbergara.eus\/es\/wp-json\/wp\/v2\/categories?post=5651"},{"taxonomy":"post_tag","embeddable":true,"href":"http:\/\/ztbergara.eus\/es\/wp-json\/wp\/v2\/tags?post=5651"}],"curies":[{"name":"wp","href":"https:\/\/api.w.org\/{rel}","templated":true}]}}