{"id":7102,"date":"2022-10-21T09:50:07","date_gmt":"2022-10-21T09:50:07","guid":{"rendered":"https:\/\/ztbergara.eus\/?p=7102"},"modified":"2022-11-10T10:56:39","modified_gmt":"2022-11-10T10:56:39","slug":"las-jornadas-ztb-se-celebraran-del-2-al-13-de-noviembre","status":"publish","type":"post","link":"http:\/\/ztbergara.eus\/es\/las-jornadas-ztb-se-celebraran-del-2-al-13-de-noviembre\/","title":{"rendered":"Las jornadas ZTB se celebrar\u00e1n del 2 al 13 de noviembre"},"content":{"rendered":"\r\n\r\n\r\n\r\n\r\n\r\n\r\n<p>Las jornadas ZTB de 2022 han sido presentadas por el Ayuntamiento de Bergara y el Museo Laboratorium, junto con los agentes que han colaborado en la organizaci\u00f3n las actividades. Este a\u00f1o son especiales, ya que a lo largo de todo el a\u00f1o se est\u00e1n realizando actividades bajo la marca ZTB. Las Jornadas habituales se celebrar\u00e1n del 2 al 13 de noviembre, en su octava edici\u00f3n. \u00a0<\/p>\r\n\r\n\r\n\r\n<p>El Alcalde, Gorka Artola, y la responsable del Museo Laboratorium, Rosa Errazkin, han aprovechado la introducci\u00f3n de la conferencia \u201c<a href=\"https:\/\/youtu.be\/HgkgcegT5HQ\">\u00bfLas m\u00e1quinas saben hablar en euskera? \u00bfY entienden el habla dialectal de Bergara?<\/a>\u201d para presentar las jornadas. La mencionada ponencia fue desarrollada por el responsable del \u00e1rea de Tecnolog\u00edas del Habla de la Fundaci\u00f3n Elhuyar, Igor Leturia Azkarate, y el director general de Goiena, Iban Arantzabal Arrieta.<\/p>\r\n\r\n\r\n\r\n<p>El Alcalde ha explicado el motivo por el que las actividades se han extendido a lo largo de todo el a\u00f1o \u201cno tenemos dudas de que nuestro futuro va a estar relacionado con la ciencia, la tecnolog\u00eda y la innovaci\u00f3n, por lo que queremos dar un impulso y refuerzo especial a la divulgaci\u00f3n de la cultura cient\u00edfica y reforzar el trabajo que realiza Laboratorium en esta l\u00ednea.<\/p>\r\n\r\n\r\n\r\n<p>As\u00ed mismo, ha agradecido la labor realizada con estas palabras: \u201chay un trabajo tremendo de muchos agentes e individuos. Y tambi\u00e9n a todas las personas que respond\u00e9is a la propuesta que se hace, porque ser\u00eda in\u00fatil hacer propuestas y no tener acogida. Y estas actividades tienen una gran acogida, tanto a nivel individual como entre los profesionales relacionados con la ciencia y, por supuesto, en el \u00e1mbito educativo\u201d.<\/p>\r\n\r\n\r\n\r\n<p>Se proponen muchas y variadas actividades, seg\u00fan explica la responsable de Laboratorium, \u201csiempre en torno a la ciencia y la innovaci\u00f3n, pero para personas con intereses diversos\u201d. Ha querido recordarnos que el programa se encuentra disponible en <a href=\"https:\/\/ztbergara.eus\/\">LA WEB DE ZTBERGARA.EUS<\/a>, destacando algunas de ellas.<\/p>\r\n\r\n\r\n\r\n<p>En primer lugar, ha mencionado un \u00e1rea que no es una actividad concreta, sino una oferta educativa. Se trata de una oferta que cada a\u00f1o tiene m\u00e1s \u00e9xito. \u201cEst\u00e1bamos convencidos de que la oferta para este a\u00f1o era grande, pero estamos estudiando ampliarla para dar respuesta a la gran demanda que hemos recibido, porque creemos que es imprescindible incorporar la cultura cient\u00edfica desde la juventud\u201d. Por ello, ha dado las gracias a los Centros Escolares. Y ha mendionado algunas actividades en concreto. Por ejemplo, el 2 de noviembre, en el mismo Seminarixoa, el director ejecutivo de LAZPIUR, Ander Aranburu, ofrecer\u00e1 la conferencia \u2018<a href=\"https:\/\/ztbergara.eus\/es\/elektromobilitatea-automazioan\/\">Electromovilidad en automoci\u00f3n<\/a>\u2019. Con ello arrancar\u00e1n las jornadas.<\/p>\r\n<p>Se van a instalar dos exposiciones, una de ellas dentro de las fechas de las jornadas, \u201cResiduos Sostenibles: \u00bfFicci\u00f3n o realidad?\u201d que se abrir\u00e1 el pr\u00f3ximo 3 de noviembre en el Laboratorium.<\/p>\r\n\r\n\r\n\r\n<p>Este a\u00f1o se celebrar\u00e1 tambi\u00e9n la WOLFRAM ENCOUNTER, con el <a href=\"https:\/\/ztbergara.eus\/es\/wolfram_news\/wolfram-2022-lol-txapelketa\/\"> Torneo de Wolfram 2022 LOL<\/a>, el 5 de noviembre en la Sala Zabalotegi durante todo el d\u00eda.<\/p>\r\n\r\n\r\n\r\n<p>Bi erakusketa jarriko dira, horietako bat jardunaldien daten barruan, azaroaren 3an Laboratoriumen zabalduko den \u201cHondakin jasangarriak: Fikzioa ala errealitatea?\u201d<\/p>\r\n\r\n\r\n\r\n<p>Por segundo a\u00f1o consecutivo, se destinar\u00e1 un espacio a los j\u00f3venes investigadores del valle, con dos conferencias que tendr\u00e1n lugar el 10 de noviembre en el Seminarixoa.<\/p>\r\n\r\n\r\n\r\n<p>&nbsp;<\/p>\r\n","protected":false},"excerpt":{"rendered":"<p>Las jornadas ZTB de 2022 han sido presentadas por el Ayuntamiento de Bergara y el Museo Laboratorium, junto con los agentes que han colaborado en la organizaci\u00f3n las actividades. Este a\u00f1o son especiales, ya que a lo largo de todo el a\u00f1o se est\u00e1n realizando actividades bajo la marca ZTB. Las Jornadas habituales se celebrar\u00e1n<a class=\"article-read-more\" href=\"http:\/\/ztbergara.eus\/es\/las-jornadas-ztb-se-celebraran-del-2-al-13-de-noviembre\/\"><i class=\"flownewsicon fa-angle-double-right\"><\/i><\/a><\/p>\n","protected":false},"author":3,"featured_media":7115,"comment_status":"closed","ping_status":"closed","sticky":false,"template":"","format":"standard","meta":[],"categories":[468],"tags":[479],"aioseo_notices":[],"_links":{"self":[{"href":"http:\/\/ztbergara.eus\/es\/wp-json\/wp\/v2\/posts\/7102"}],"collection":[{"href":"http:\/\/ztbergara.eus\/es\/wp-json\/wp\/v2\/posts"}],"about":[{"href":"http:\/\/ztbergara.eus\/es\/wp-json\/wp\/v2\/types\/post"}],"author":[{"embeddable":true,"href":"http:\/\/ztbergara.eus\/es\/wp-json\/wp\/v2\/users\/3"}],"replies":[{"embeddable":true,"href":"http:\/\/ztbergara.eus\/es\/wp-json\/wp\/v2\/comments?post=7102"}],"version-history":[{"count":8,"href":"http:\/\/ztbergara.eus\/es\/wp-json\/wp\/v2\/posts\/7102\/revisions"}],"predecessor-version":[{"id":7121,"href":"http:\/\/ztbergara.eus\/es\/wp-json\/wp\/v2\/posts\/7102\/revisions\/7121"}],"wp:featuredmedia":[{"embeddable":true,"href":"http:\/\/ztbergara.eus\/es\/wp-json\/wp\/v2\/media\/7115"}],"wp:attachment":[{"href":"http:\/\/ztbergara.eus\/es\/wp-json\/wp\/v2\/media?parent=7102"}],"wp:term":[{"taxonomy":"category","embeddable":true,"href":"http:\/\/ztbergara.eus\/es\/wp-json\/wp\/v2\/categories?post=7102"},{"taxonomy":"post_tag","embeddable":true,"href":"http:\/\/ztbergara.eus\/es\/wp-json\/wp\/v2\/tags?post=7102"}],"curies":[{"name":"wp","href":"https:\/\/api.w.org\/{rel}","templated":true}]}}