{"id":8595,"date":"2025-10-29T11:37:36","date_gmt":"2025-10-29T11:37:36","guid":{"rendered":"https:\/\/ztbergara.eus\/hasi-da-ztb-teknologia-kuantikoa-hizpide-hartuta\/"},"modified":"2025-10-29T11:49:33","modified_gmt":"2025-10-29T11:49:33","slug":"comienza-ztb-con-la-tecnologia-cuantica-como-protagonista","status":"publish","type":"post","link":"http:\/\/ztbergara.eus\/es\/comienza-ztb-con-la-tecnologia-cuantica-como-protagonista\/","title":{"rendered":"Comienza ZTB, con la tecnolog\u00eda cu\u00e1ntica como protagonista"},"content":{"rendered":"<p>[vc_row][vc_column][vc_column_text]Bergara ha acogido este mi\u00e9rcoles la apertura de las Jornadas de Ciencia, Tecnolog\u00eda e Innovaci\u00f3n (ZTB) con una mesa redonda sobre tecnolog\u00eda cu\u00e1ntica ofrecida en el Seminario. En total, alrededor de una docena de eventos completar\u00e1n el programa, basados en la citada tecnolog\u00eda cu\u00e1ntica.<\/p>\n<p>&nbsp;<\/p>\n<p>En el acto, adem\u00e1s del alcalde de Bergara, Gorka Artola, y la directora del Laboratorium Museoa, Rosa Errazkin, ha participado el consejero de Ciencia, Universidades e Innovaci\u00f3n del Gobierno Vasco, Juan Ignacio P\u00e9rez Iglesias.<\/p>\n<p>&nbsp;<\/p>\n<p>En palabras del alcalde de Bergara, Gorka Artola, \u201cesta nueva edici\u00f3n de las Jornadas de Ciencia, Tecnolog\u00eda e Innovaci\u00f3n no es un evento aislado. Es una muestra del profundo compromiso del pueblo bergar\u00e9s con el conocimiento. El objetivo de ZTB es acercar la ciencia y la tecnolog\u00eda a toda la ciudadan\u00eda de una manera atractiva y f\u00e1cil de entender. Por ello, el programa es variado: talleres para j\u00f3venes, charlas para adultos, y experiencias interactivas \u201d.<\/p>\n<p>&nbsp;<\/p>\n<p>Por su parte, en palabras de Rosa Errazkin, directora del Laboratorium, \u201cel eje de esta edici\u00f3n es la Ciencia y la Tecnolog\u00eda Cu\u00e1ntica, un tema apasionante y a la vez un gran reto. La cu\u00e1ntica es un campo que muchas veces nos parece lejano y complejo, pero que est\u00e1 muy presente en nuestro d\u00eda a d\u00eda: los dispositivos, la comunicaci\u00f3n y la tecnolog\u00eda. Las jornadas de ZTB permitir\u00e1n conocer todo esto de una manera sencilla. Nuestro objetivo es poner este complejo tema a disposici\u00f3n de la ciudadan\u00eda, acercarnos y hacernos entender a trav\u00e9s de la divulgaci\u00f3n. De hecho, este siempre ha sido el principal objetivo de estas jornadas: tender puentes entre ciencia y sociedad \u201d.<\/p>\n<p>&nbsp;<\/p>\n<p>Tras el acto en el Seminario, se ha visitado la instalaci\u00f3n \u2018Visiones cu\u00e1nticas&#8217; en el Museo Laboratorium. La instalaci\u00f3n, que podr\u00e1 visitarse entre el 29 de octubre y el 14 de diciembre, se enmarca en el contexto del A\u00f1o Internacional de la Ciencia y la Tecnolog\u00eda Cu\u00e1ntica, acercando de forma accesible este complejo tema a todos los p\u00fablicos.<\/p>\n<p>&nbsp;<\/p>\n<p>El programa completo se puede consultar en la web\u00a0<a href=\"http:\/\/www.ztbergara.eus\/\">www.ztbergara.eus<\/a>.[\/vc_column_text][vc_single_image image=&#8221;8591&#8243; img_size=&#8221;large&#8221;][\/vc_column][\/vc_row]<\/p>\n","protected":false},"excerpt":{"rendered":"<p>[vc_row][vc_column][vc_column_text]Bergara ha acogido este mi\u00e9rcoles la apertura de las Jornadas de Ciencia, Tecnolog\u00eda e Innovaci\u00f3n (ZTB) con una mesa redonda sobre tecnolog\u00eda cu\u00e1ntica ofrecida en el Seminario. En total, alrededor de una docena de eventos completar\u00e1n el programa, basados en la citada tecnolog\u00eda cu\u00e1ntica. &nbsp; En el acto, adem\u00e1s del alcalde de Bergara, Gorka Artola,<a class=\"article-read-more\" href=\"http:\/\/ztbergara.eus\/es\/comienza-ztb-con-la-tecnologia-cuantica-como-protagonista\/\"><i class=\"flownewsicon fa-angle-double-right\"><\/i><\/a><\/p>\n","protected":false},"author":1,"featured_media":8588,"comment_status":"closed","ping_status":"closed","sticky":false,"template":"","format":"standard","meta":[],"categories":[522,344],"tags":[],"aioseo_notices":[],"_links":{"self":[{"href":"http:\/\/ztbergara.eus\/es\/wp-json\/wp\/v2\/posts\/8595"}],"collection":[{"href":"http:\/\/ztbergara.eus\/es\/wp-json\/wp\/v2\/posts"}],"about":[{"href":"http:\/\/ztbergara.eus\/es\/wp-json\/wp\/v2\/types\/post"}],"author":[{"embeddable":true,"href":"http:\/\/ztbergara.eus\/es\/wp-json\/wp\/v2\/users\/1"}],"replies":[{"embeddable":true,"href":"http:\/\/ztbergara.eus\/es\/wp-json\/wp\/v2\/comments?post=8595"}],"version-history":[{"count":1,"href":"http:\/\/ztbergara.eus\/es\/wp-json\/wp\/v2\/posts\/8595\/revisions"}],"predecessor-version":[{"id":8596,"href":"http:\/\/ztbergara.eus\/es\/wp-json\/wp\/v2\/posts\/8595\/revisions\/8596"}],"wp:featuredmedia":[{"embeddable":true,"href":"http:\/\/ztbergara.eus\/es\/wp-json\/wp\/v2\/media\/8588"}],"wp:attachment":[{"href":"http:\/\/ztbergara.eus\/es\/wp-json\/wp\/v2\/media?parent=8595"}],"wp:term":[{"taxonomy":"category","embeddable":true,"href":"http:\/\/ztbergara.eus\/es\/wp-json\/wp\/v2\/categories?post=8595"},{"taxonomy":"post_tag","embeddable":true,"href":"http:\/\/ztbergara.eus\/es\/wp-json\/wp\/v2\/tags?post=8595"}],"curies":[{"name":"wp","href":"https:\/\/api.w.org\/{rel}","templated":true}]}}